{"id":9658,"date":"2024-01-31T20:06:45","date_gmt":"2024-01-31T20:06:45","guid":{"rendered":"https:\/\/sabores.co\/?p=9658"},"modified":"2025-08-28T14:13:36","modified_gmt":"2025-08-28T14:13:36","slug":"bebidas-funcionales-prebioticos-fibra","status":"publish","type":"post","link":"https:\/\/www.sabores.com.sv\/en\/bebidas-funcionales-prebioticos-fibra\/","title":{"rendered":"Functional beverages - Prebiotics (fiber)"},"content":{"rendered":"<p id=\"ffgj\">Una buena salud intestinal se traduce en buena salud general. La salud del intestino est&aacute; &iacute;ntimamente relacionada con la microbiota intestinal, que incluye los microrganismos presentes en el intestino delgado y el colon. La presencia de microorganismos &ldquo;buenos&rdquo;, aquellos que facilitan la metabolizaci&oacute;n de nutrientes y fortalecen nuestro sistema inmunol&oacute;gico, puede verse afectada por microrganismos da&ntilde;inos que compiten por alimento.<\/p><p id=\"31vba\">Las sustancias prebi&oacute;ticas promueven la modulaci&oacute;n eficiente de la microbiota para lograr un equilibro saludable entre los diferentes microorganismos intestinales; estimulando el crecimiento de la poblaci&oacute;n de microrganismos beneficiosos o probi&oacute;ticos.<\/p><style>.kb-row-layout-id9658_49f6b8-16 > .kt-row-column-wrap{align-content:start;}:where(.kb-row-layout-id9658_49f6b8-16 > .kt-row-column-wrap) > .wp-block-kadence-column{justify-content:start;}.kb-row-layout-id9658_49f6b8-16 > .kt-row-column-wrap{column-gap:var(--global-kb-gap-md, 2rem);row-gap:var(--global-kb-gap-md, 2rem);padding-top:var(--global-kb-spacing-sm, 1.5rem);padding-bottom:var(--global-kb-spacing-sm, 1.5rem);grid-template-columns:repeat(2, minmax(0, 1fr));}.kb-row-layout-id9658_49f6b8-16 > .kt-row-layout-overlay{opacity:0.30;}@media all and (max-width: 1024px){.kb-row-layout-id9658_49f6b8-16 > .kt-row-column-wrap{grid-template-columns:repeat(2, minmax(0, 1fr));}}@media all and (max-width: 767px){.kb-row-layout-id9658_49f6b8-16 > .kt-row-column-wrap{grid-template-columns:minmax(0, 1fr);}}<\/style><div class=\"kb-row-layout-wrap kb-row-layout-id9658_49f6b8-16 alignnone wp-block-kadence-rowlayout\"><div class=\"kt-row-column-wrap kt-has-2-columns kt-row-layout-equal kt-tab-layout-inherit kt-mobile-layout-row kt-row-valign-top\">\n<style>.kadence-column9658_8895ad-2e > .kt-inside-inner-col,.kadence-column9658_8895ad-2e > .kt-inside-inner-col:before{border-top-left-radius:0px;border-top-right-radius:0px;border-bottom-right-radius:0px;border-bottom-left-radius:0px;}.kadence-column9658_8895ad-2e > .kt-inside-inner-col{column-gap:var(--global-kb-gap-sm, 1rem);}.kadence-column9658_8895ad-2e > .kt-inside-inner-col{flex-direction:column;}.kadence-column9658_8895ad-2e > .kt-inside-inner-col > .aligncenter{width:100%;}.kadence-column9658_8895ad-2e > .kt-inside-inner-col:before{opacity:0.3;}.kadence-column9658_8895ad-2e{position:relative;}@media all and (max-width: 1024px){.kadence-column9658_8895ad-2e > .kt-inside-inner-col{flex-direction:column;justify-content:center;}}@media all and (max-width: 767px){.kadence-column9658_8895ad-2e > .kt-inside-inner-col{flex-direction:column;justify-content:center;}}<\/style>\n<div class=\"wp-block-kadence-column kadence-column9658_8895ad-2e\"><div class=\"kt-inside-inner-col\">\n<p>Pero &iquest;Qu&eacute; son los prebi&oacute;ticos?<\/p>\n\n\n\n<p>La Asociaci&oacute;n Internacional Cient&iacute;fica de Probi&oacute;ticos y Prebi&oacute;ticos describe los prebi&oacute;ticos como &ldquo;<em>sustancias de fermentaci&oacute;n selectiva que producen modificaciones espec&iacute;ficas en la composici&oacute;n y\/o actividad de la microbiota gastrointestinal afectando positivamente la salud del hu&eacute;sped [&hellip;].&rdquo;(1) <\/em><\/p>\n\n\n\n<p id=\"8r2bf\">A medida que existe mayor informaci&oacute;n sobre los beneficios de las sustancias prebi&oacute;ticas, crece el mercado para los alimentos y bebidas con fibras diet&eacute;ticas. &iquest;Cu&aacute;l es la relaci&oacute;n entre los prebi&oacute;ticos y la fibra? Ciertos tipos de fibras tienen capacidad prebi&oacute;tica, es decir, fomentan la reproducci&oacute;n de los microorganismos dentro del sistema. Estas sustancias no son f&aacute;cilmente absorbidas, de tal forma que se mantienen disponibles a lo largo de todo el sistema digestivo hasta llegar al colon. Los prebi&oacute;ticos son fermentados sirviendo de sustrato selectivo para los organismos probi&oacute;ticos.<\/p>\n<\/div><\/div>\n\n\n<style>.kadence-column9658_a404fe-a1 > .kt-inside-inner-col,.kadence-column9658_a404fe-a1 > .kt-inside-inner-col:before{border-top-left-radius:0px;border-top-right-radius:0px;border-bottom-right-radius:0px;border-bottom-left-radius:0px;}.kadence-column9658_a404fe-a1 > .kt-inside-inner-col{column-gap:var(--global-kb-gap-sm, 1rem);}.kadence-column9658_a404fe-a1 > .kt-inside-inner-col{flex-direction:column;}.kadence-column9658_a404fe-a1 > .kt-inside-inner-col > .aligncenter{width:100%;}.kadence-column9658_a404fe-a1 > .kt-inside-inner-col:before{opacity:0.3;}.kadence-column9658_a404fe-a1{position:relative;}@media all and (max-width: 1024px){.kadence-column9658_a404fe-a1 > .kt-inside-inner-col{flex-direction:column;justify-content:center;}}@media all and (max-width: 767px){.kadence-column9658_a404fe-a1 > .kt-inside-inner-col{flex-direction:column;justify-content:center;}}<\/style>\n<div class=\"wp-block-kadence-column kadence-column9658_a404fe-a1\"><div class=\"kt-inside-inner-col\">\n<figure class=\"wp-block-image size-full\"><img loading=\"lazy\" decoding=\"async\" width=\"768\" height=\"512\" src=\"https:\/\/www.sabores.com.sv\/wp-content\/uploads\/2025\/07\/bebida-coctel-batido-saludable-fresco-diferente-scaled-2.webp\" alt=\"\" class=\"wp-image-10931\" srcset=\"https:\/\/www.sabores.com.sv\/wp-content\/uploads\/2025\/07\/bebida-coctel-batido-saludable-fresco-diferente-scaled-2.webp 768w, https:\/\/www.sabores.com.sv\/wp-content\/uploads\/2025\/07\/bebida-coctel-batido-saludable-fresco-diferente-scaled-2-300x200.webp 300w, https:\/\/www.sabores.com.sv\/wp-content\/uploads\/2025\/07\/bebida-coctel-batido-saludable-fresco-diferente-scaled-2-18x12.webp 18w\" sizes=\"auto, (max-width: 768px) 100vw, 768px\"><\/figure>\n<\/div><\/div>\n\n<\/div><\/div><p id=\"dpe47\">Demanda de productos con fibra<\/p><p id=\"3jlfk\">Cada vez m&aacute;s consumidores alrededor del mundo est&aacute;n consciente de la importancia de las fibras en su dieta y la comprensi&oacute;n sobre la relevancia de este nutriente se refleja en un renovado inter&eacute;s por alimentos altos en fibra. Un estudio publicado por <em>Innova Market Insights<\/em>, indicaba que para 2019, un 44% de los consumidores en Estados Unidos declaraba estar incrementado su consumo de fibra. La consultora especializada en tendencias sobre salud <em>Health Focus International<\/em> report&oacute; para 2018 que en Am&eacute;rica Latina la adici&oacute;n de mayor cantidad de fibra en la dieta regular era una de las prioridades principales de los consumidores para esta regi&oacute;n (2).<\/p><p id=\"93jmo\">Sin embargo, el d&eacute;ficit de fibra en la dieta es muy com&uacute;n. A muchas personas les resulta dif&iacute;cil consumir regularmente las cantidades de granos enteros, frutas o vegetales que se necesitan para cubrir el consumo recomendado de 25 a 30 gramos de fibra al d&iacute;a. Actualmente, se estima que el estadounidense promedio consume alrededor de 15 gramos de fibra diarios, cerca de la mitad de la dosis recomendada (3).<\/p><p id=\"g7m9\">Gracias a su portabilidad y conveniencia, las bebidas con fibra son actualmente una de las categor&iacute;as de alimentos funcionales con mayor crecimiento, representando una soluci&oacute;n id&oacute;nea para suplir las necesidades de fibra que no pueden ser logradas a trav&eacute;s de la dieta diaria.<\/p><figure class=\"wp-block-gallery has-nested-images columns-default is-cropped wp-block-gallery-1 is-layout-flex wp-block-gallery-is-layout-flex\">\n<figure class=\"wp-block-image size-full\"><img loading=\"lazy\" decoding=\"async\" width=\"200\" height=\"300\" data-id=\"10934\" src=\"https:\/\/www.sabores.com.sv\/wp-content\/uploads\/2025\/07\/arreglo-cuchara-avena-vista-superior-scaled-2.webp\" alt=\"\" class=\"wp-image-10934\" srcset=\"https:\/\/www.sabores.com.sv\/wp-content\/uploads\/2025\/07\/arreglo-cuchara-avena-vista-superior-scaled-2.webp 200w, https:\/\/www.sabores.com.sv\/wp-content\/uploads\/2025\/07\/arreglo-cuchara-avena-vista-superior-scaled-2-8x12.webp 8w\" sizes=\"auto, (max-width: 200px) 100vw, 200px\"><\/figure>\n\n\n\n<figure class=\"wp-block-image size-full\"><img loading=\"lazy\" decoding=\"async\" width=\"1024\" height=\"683\" data-id=\"10933\" src=\"https:\/\/www.sabores.com.sv\/wp-content\/uploads\/2025\/07\/colorida-composicion-frutas-batidos-sobre-fondo-madera-scaled-2.webp\" alt=\"\" class=\"wp-image-10933\" srcset=\"https:\/\/www.sabores.com.sv\/wp-content\/uploads\/2025\/07\/colorida-composicion-frutas-batidos-sobre-fondo-madera-scaled-2.webp 1024w, https:\/\/www.sabores.com.sv\/wp-content\/uploads\/2025\/07\/colorida-composicion-frutas-batidos-sobre-fondo-madera-scaled-2-300x200.webp 300w, https:\/\/www.sabores.com.sv\/wp-content\/uploads\/2025\/07\/colorida-composicion-frutas-batidos-sobre-fondo-madera-scaled-2-768x512.webp 768w, https:\/\/www.sabores.com.sv\/wp-content\/uploads\/2025\/07\/colorida-composicion-frutas-batidos-sobre-fondo-madera-scaled-2-18x12.webp 18w, https:\/\/www.sabores.com.sv\/wp-content\/uploads\/2025\/07\/colorida-composicion-frutas-batidos-sobre-fondo-madera-scaled-2-930x620.webp 930w\" sizes=\"auto, (max-width: 1024px) 100vw, 1024px\"><\/figure>\n\n\n\n<figure class=\"wp-block-image size-full\"><img loading=\"lazy\" decoding=\"async\" width=\"200\" height=\"300\" data-id=\"10932\" src=\"https:\/\/www.sabores.com.sv\/wp-content\/uploads\/2025\/07\/vista-frontal-batido-fresa-vierte-vasos-scaled-2.webp\" alt=\"\" class=\"wp-image-10932\" srcset=\"https:\/\/www.sabores.com.sv\/wp-content\/uploads\/2025\/07\/vista-frontal-batido-fresa-vierte-vasos-scaled-2.webp 200w, https:\/\/www.sabores.com.sv\/wp-content\/uploads\/2025\/07\/vista-frontal-batido-fresa-vierte-vasos-scaled-2-8x12.webp 8w\" sizes=\"auto, (max-width: 200px) 100vw, 200px\"><\/figure>\n<\/figure><p><\/p><p id=\"3fgae\">Nuestra oferta<\/p><p id=\"fq2ui\">Nuestra oferta de ingredientes para alimentos y bebidas con prebi&oacute;ticos incluye fibras diet&eacute;ticas altamente solubles que no alteran el sabor ni el color de sus aplicaciones. Nuestras fibras contribuyen no s&oacute;lo a la funcionalidad de bebidas y alimentos sino tambi&eacute;n a mejorar la palatabilidad y textura de los mismos. Sabemos que no solo se trata de dise&ntilde;ar productos m&aacute;s saludables, pues para los consumidores siguen siendo primordial que dicho producto sepa bien.<\/p><p id=\"61k1e\">Un alto porcentaje de bebidas funcionales son adem&aacute;s reducidas en az&uacute;car, en sinton&iacute;a con la macro tendencia hacia alimentos y bebidas con menos calor&iacute;as. La adici&oacute;n correcta de fibras puede contribuir a disminuir algunos de los efectos indeseables de la sustituci&oacute;n de az&uacute;car en bebidas, por ejemplo, a contrarrestar la p&eacute;rdida de viscosidad y cuerpo. Adicionalmente, nuestras fibras son estables en procesos industriales, manteniendo el contenido inicial del nutriente durante tratamientos t&eacute;rmicos y formulaciones acidificadas.<\/p><style>.wp-block-kadence-advancedheading.kt-adv-heading10056_8cbfcd-75, .wp-block-kadence-advancedheading.kt-adv-heading10056_8cbfcd-75[data-kb-block=\"kb-adv-heading10056_8cbfcd-75\"]{font-size:var(--global-kb-font-size-md, 1.25rem);font-weight:500;font-style:normal;font-family:Inter;text-transform:none;color:#0e205a;}.wp-block-kadence-advancedheading.kt-adv-heading10056_8cbfcd-75 mark.kt-highlight, .wp-block-kadence-advancedheading.kt-adv-heading10056_8cbfcd-75[data-kb-block=\"kb-adv-heading10056_8cbfcd-75\"] mark.kt-highlight{font-style:normal;color:#f76a0c;-webkit-box-decoration-break:clone;box-decoration-break:clone;padding-top:0px;padding-right:0px;padding-bottom:0px;padding-left:0px;}<\/style><h2 class=\"kt-adv-heading10056_8cbfcd-75 margin-10 wp-block-kadence-advancedheading\" data-kb-block=\"kb-adv-heading10056_8cbfcd-75\">Acerca de nosotros<\/h2><p>Sabores Cosco de Centroam&eacute;rica ofrece alternativas novedosas en sabores e ingredientes. Nuestro portafolio de aplicaciones para bebidas y alimentos est&aacute; en continuo crecimiento para proveer respuestas oportunas a las exigencias del mercado. Contamos con las herramientas t&eacute;cnicas para abordar las necesidades particulares de aplicaciones en sistemas de sabor para bebidas y alimentos, dise&ntilde;ando propuestas a la medida. Nuestro equipo de asesor&iacute;a t&eacute;cnica brinda soporte a lo largo del proceso de desarrollo. Estamos seguros que en Sabores Cosco de Centroam&eacute;rica encontrar&aacute; un socio integral de soluciones para sus productos.<\/p><p id=\"6eaa0\"><em>(1) Blatchford, P.; Ansell, J.; Godoy, M.; Fahey, G.; Garcia-Mazcorro, J.; Gibson, G.R.; Goh, Y.; Hotchkiss, A.;<\/em><\/p><p id=\"c0cb3\"><em>Hutkins, R.; Lacroix, C.; et al. Prebiotic mechanisms, functions and applications&mdash;A review. Int. J.<\/em><\/p><p id=\"c5j2c\"><em>Probiotics Prebiotics 2013, 8, 109&ndash;132.<\/em><\/p><p id=\"i1gb\"><em>(2) <\/em><a href=\"https:\/\/www.nutraingredients-latam.com\/Article\/2019\/12\/23\/Fiber-gut-health-plant-based-and-healthy-diets-lead-LATAM-consumer-demands-Roquette-says?utm_source=copyright&amp;utm_medium=OnSite&amp;utm_campaign=copyright\" target=\"_blank\" rel=\"noopener\"><em>https:\/\/www.nutraingredients-latam.com\/Article\/2019\/12\/23\/Fiber-gut-health-plant-based-and-healthy-diets-lead-LATAM-consumer-demands-Roquette-says?utm_source=copyright&amp;utm_medium=OnSite&amp;utm_campaign=copyright<\/em><\/a><\/p><p id=\"2o1v0\"><em>(3) <\/em><a href=\"https:\/\/www.ucsfhealth.org\/education\/increasing-fiber-intake\" target=\"_blank\" rel=\"noopener\"><em>https:\/\/www.ucsfhealth.org\/education\/increasing-fiber-intake<\/em><\/a><\/p><style>.kb-row-layout-id9658_a63844-e0 > .kt-row-column-wrap{align-content:start;}:where(.kb-row-layout-id9658_a63844-e0 > .kt-row-column-wrap) > .wp-block-kadence-column{justify-content:start;}.kb-row-layout-id9658_a63844-e0 > .kt-row-column-wrap{column-gap:var(--global-kb-gap-md, 2rem);row-gap:var(--global-kb-gap-sm, 1rem);max-width:1200px;padding-top:var(--global-kb-spacing-xxl, 5rem);padding-bottom:var(--global-kb-spacing-xxl, 5rem);grid-template-columns:minmax(0, 1fr);}.kb-row-layout-id9658_a63844-e0 > .kt-row-layout-overlay{opacity:0.30;}@media all and (max-width: 1024px){.kb-row-layout-id9658_a63844-e0 > .kt-row-column-wrap{grid-template-columns:minmax(0, 1fr);}}@media all and (max-width: 767px){.kb-row-layout-id9658_a63844-e0 > .kt-row-column-wrap{grid-template-columns:minmax(0, 1fr);}}<\/style><div class=\"kb-row-layout-wrap kb-row-layout-id9658_a63844-e0 alignfull has-nv-site-bg-background-color kt-row-has-bg wp-block-kadence-rowlayout\"><div class=\"kt-row-column-wrap kt-has-1-columns kt-row-layout-equal kt-tab-layout-inherit kt-mobile-layout-row kt-row-valign-top kb-theme-content-width\">\n<style>.kadence-column9658_dfee84-53 > .kt-inside-inner-col{display:flex;}.kadence-column9658_dfee84-53 > .kt-inside-inner-col,.kadence-column9658_dfee84-53 > .kt-inside-inner-col:before{border-top-left-radius:0px;border-top-right-radius:0px;border-bottom-right-radius:0px;border-bottom-left-radius:0px;}.kadence-column9658_dfee84-53 > .kt-inside-inner-col{column-gap:var(--global-kb-gap-sm, 1rem);}.kadence-column9658_dfee84-53 > .kt-inside-inner-col{flex-direction:column;justify-content:center;align-items:center;}.kadence-column9658_dfee84-53 > .kt-inside-inner-col > .kb-image-is-ratio-size{align-self:stretch;}.kadence-column9658_dfee84-53 > .kt-inside-inner-col > .wp-block-kadence-advancedgallery{align-self:stretch;}.kadence-column9658_dfee84-53 > .kt-inside-inner-col > .aligncenter{width:100%;}.kt-row-column-wrap > .kadence-column9658_dfee84-53{align-self:center;}.kt-inner-column-height-full:not(.kt-has-1-columns) > .wp-block-kadence-column.kadence-column9658_dfee84-53{align-self:auto;}.kt-inner-column-height-full:not(.kt-has-1-columns) > .wp-block-kadence-column.kadence-column9658_dfee84-53 > .kt-inside-inner-col{flex-direction:column;justify-content:center;}.kadence-column9658_dfee84-53 > .kt-inside-inner-col:before{opacity:0.3;}.kadence-column9658_dfee84-53{text-align:left;}.kadence-column9658_dfee84-53{position:relative;}@media all and (max-width: 1024px){.kt-row-column-wrap > .kadence-column9658_dfee84-53{align-self:center;}}@media all and (max-width: 1024px){.kt-inner-column-height-full:not(.kt-has-1-columns) > .wp-block-kadence-column.kadence-column9658_dfee84-53{align-self:auto;}}@media all and (max-width: 1024px){.kt-inner-column-height-full:not(.kt-has-1-columns) > .wp-block-kadence-column.kadence-column9658_dfee84-53 > .kt-inside-inner-col{flex-direction:column;justify-content:center;}}@media all and (max-width: 1024px){.kadence-column9658_dfee84-53 > .kt-inside-inner-col{flex-direction:column;justify-content:center;align-items:center;}}@media all and (max-width: 767px){.kt-row-column-wrap > .kadence-column9658_dfee84-53{align-self:center;}.kt-inner-column-height-full:not(.kt-has-1-columns) > .wp-block-kadence-column.kadence-column9658_dfee84-53{align-self:auto;}.kt-inner-column-height-full:not(.kt-has-1-columns) > .wp-block-kadence-column.kadence-column9658_dfee84-53 > .kt-inside-inner-col{flex-direction:column;justify-content:center;}.kadence-column9658_dfee84-53 > .kt-inside-inner-col{flex-direction:column;justify-content:center;align-items:center;}}<\/style>\n<div class=\"wp-block-kadence-column kadence-column9658_dfee84-53\"><div class=\"kt-inside-inner-col\"><style>.wp-block-kadence-advancedheading.kt-adv-heading9658_c0e0a2-43, .wp-block-kadence-advancedheading.kt-adv-heading9658_c0e0a2-43[data-kb-block=\"kb-adv-heading9658_c0e0a2-43\"]{margin-bottom:var(--global-kb-spacing-md, 2rem);text-align:center;font-size:var(--global-kb-font-size-lg, 2rem);line-height:1.2;font-weight:400;font-style:normal;font-family:Inter;}.wp-block-kadence-advancedheading.kt-adv-heading9658_c0e0a2-43 mark.kt-highlight, .wp-block-kadence-advancedheading.kt-adv-heading9658_c0e0a2-43[data-kb-block=\"kb-adv-heading9658_c0e0a2-43\"] mark.kt-highlight{font-style:normal;color:#f76a0c;-webkit-box-decoration-break:clone;box-decoration-break:clone;padding-top:0px;padding-right:0px;padding-bottom:0px;padding-left:0px;}<\/style>\n<h2 class=\"kt-adv-heading9658_c0e0a2-43 wp-block-kadence-advancedheading has-neve-link-color-color has-text-color\" data-kb-block=\"kb-adv-heading9658_c0e0a2-43\">Blog<\/h2>\n\n\n<style>.kb-posts-id-9658_40b037-a5 .entry.loop-entry .entry-header .entry-title{font-size:var(--global-kb-font-size-sm, 0.9rem);}<\/style><div class=\"wp-block-kadence-posts kb-posts kb-posts-id-9658_40b037-a5 content-wrap grid-cols kb-posts-style-boxed grid-sm-col-2 grid-lg-col-4 item-image-style-above  mc-blog-container\"><article class=\"entry content-bg loop-entry post-1887 post type-post status-publish format-standard has-post-thumbnail hentry category-industria-de-alimentos\">\n\t\t\t<a class=\"post-thumbnail kadence-thumbnail-ratio-2-3\" href=\"https:\/\/www.sabores.com.sv\/en\/sazonadores-sales\/\">\n\t\t\t<div class=\"post-thumbnail-inner\">\n\t\t\t\t<img loading=\"lazy\" decoding=\"async\" width=\"300\" height=\"200\" src=\"https:\/\/www.sabores.com.sv\/wp-content\/uploads\/2025\/03\/3-1.png\" class=\"attachment-medium size-medium wp-post-image\" alt=\"Sazonadores y sales para asar\">\t\t\t<\/div>\n\t\t<\/a><!-- .post-thumbnail -->\n\t\t\t<div class=\"entry-content-wrap\">\n\t\t<header class=\"entry-header\">\n\t\t<div class=\"entry-taxonomies\">\n\t\t<span class=\"category-links term-links category-style-normal\">\n\t\t\t<a href=\"https:\/\/www.sabores.com.sv\/en\/category\/industria-de-alimentos\/\" rel=\"category tag\">Industria de alimentos<\/a>\t\t<\/span>\n\t<\/div><!-- .entry-taxonomies -->\n\t<h2 class=\"entry-title\"><a href=\"https:\/\/www.sabores.com.sv\/en\/sazonadores-sales\/\" rel=\"bookmark\">Sazonadores y sales para asar<\/a><\/h2><\/header><!-- .entry-header -->\n<footer class=\"entry-footer\">\n\t\t\t<div class=\"entry-actions\">\n\t\t\t<p class=\"more-link-wrap\">\n\t\t\t\t<a href=\"https:\/\/www.sabores.com.sv\/en\/sazonadores-sales\/\" class=\"post-more-link\">\n\t\t\t\t\tLeer mas<span class=\"screen-reader-text\"> Sazonadores y sales para asar<\/span><span class=\"kadence-svg-iconset svg-baseline\"><svg aria-hidden=\"true\" class=\"kadence-svg-icon kadence-arrow-right-alt-svg\" fill=\"currentColor\" version=\"1.1\" xmlns=\"http:\/\/www.w3.org\/2000\/svg\" width=\"27\" height=\"28\" viewbox=\"0 0 27 28\"><title>Continue<\/title><path d=\"M27 13.953c0 0.141-0.063 0.281-0.156 0.375l-6 5.531c-0.156 0.141-0.359 0.172-0.547 0.094-0.172-0.078-0.297-0.25-0.297-0.453v-3.5h-19.5c-0.281 0-0.5-0.219-0.5-0.5v-3c0-0.281 0.219-0.5 0.5-0.5h19.5v-3.5c0-0.203 0.109-0.375 0.297-0.453s0.391-0.047 0.547 0.078l6 5.469c0.094 0.094 0.156 0.219 0.156 0.359v0z\"><\/path>\n\t\t\t<\/svg><\/span>\t\t\t\t<\/a>\n\t\t\t<\/p>\n\t\t<\/div><!-- .entry-actions -->\n\t\t<\/footer><!-- .entry-footer -->\t<\/div>\n<\/article>\n<article class=\"entry content-bg loop-entry post-1875 post type-post status-publish format-standard has-post-thumbnail hentry category-industria-de-alimentos\">\n\t\t\t<a class=\"post-thumbnail kadence-thumbnail-ratio-2-3\" href=\"https:\/\/www.sabores.com.sv\/en\/empanizadores-batter\/\">\n\t\t\t<div class=\"post-thumbnail-inner\">\n\t\t\t\t<img loading=\"lazy\" decoding=\"async\" width=\"300\" height=\"200\" src=\"https:\/\/www.sabores.com.sv\/wp-content\/uploads\/2025\/05\/160156-300x200.webp\" class=\"attachment-medium size-medium wp-post-image\" alt=\"Empanizadores y batter\" srcset=\"https:\/\/www.sabores.com.sv\/wp-content\/uploads\/2025\/05\/160156-300x200.webp 300w, https:\/\/www.sabores.com.sv\/wp-content\/uploads\/2025\/05\/160156-18x12.webp 18w, https:\/\/www.sabores.com.sv\/wp-content\/uploads\/2025\/05\/160156.webp 667w\" sizes=\"auto, (max-width: 300px) 100vw, 300px\">\t\t\t<\/div>\n\t\t<\/a><!-- .post-thumbnail -->\n\t\t\t<div class=\"entry-content-wrap\">\n\t\t<header class=\"entry-header\">\n\t\t<div class=\"entry-taxonomies\">\n\t\t<span class=\"category-links term-links category-style-normal\">\n\t\t\t<a href=\"https:\/\/www.sabores.com.sv\/en\/category\/industria-de-alimentos\/\" rel=\"category tag\">Industria de alimentos<\/a>\t\t<\/span>\n\t<\/div><!-- .entry-taxonomies -->\n\t<h2 class=\"entry-title\"><a href=\"https:\/\/www.sabores.com.sv\/en\/empanizadores-batter\/\" rel=\"bookmark\">Empanizadores y batter<\/a><\/h2><\/header><!-- .entry-header -->\n<footer class=\"entry-footer\">\n\t\t\t<div class=\"entry-actions\">\n\t\t\t<p class=\"more-link-wrap\">\n\t\t\t\t<a href=\"https:\/\/www.sabores.com.sv\/en\/empanizadores-batter\/\" class=\"post-more-link\">\n\t\t\t\t\tLeer mas<span class=\"screen-reader-text\"> Empanizadores y batter<\/span><span class=\"kadence-svg-iconset svg-baseline\"><svg aria-hidden=\"true\" class=\"kadence-svg-icon kadence-arrow-right-alt-svg\" fill=\"currentColor\" version=\"1.1\" xmlns=\"http:\/\/www.w3.org\/2000\/svg\" width=\"27\" height=\"28\" viewbox=\"0 0 27 28\"><title>Continue<\/title><path d=\"M27 13.953c0 0.141-0.063 0.281-0.156 0.375l-6 5.531c-0.156 0.141-0.359 0.172-0.547 0.094-0.172-0.078-0.297-0.25-0.297-0.453v-3.5h-19.5c-0.281 0-0.5-0.219-0.5-0.5v-3c0-0.281 0.219-0.5 0.5-0.5h19.5v-3.5c0-0.203 0.109-0.375 0.297-0.453s0.391-0.047 0.547 0.078l6 5.469c0.094 0.094 0.156 0.219 0.156 0.359v0z\"><\/path>\n\t\t\t<\/svg><\/span>\t\t\t\t<\/a>\n\t\t\t<\/p>\n\t\t<\/div><!-- .entry-actions -->\n\t\t<\/footer><!-- .entry-footer -->\t<\/div>\n<\/article>\n<article class=\"entry content-bg loop-entry post-1856 post type-post status-publish format-standard has-post-thumbnail hentry category-bebidas\">\n\t\t\t<a class=\"post-thumbnail kadence-thumbnail-ratio-2-3\" href=\"https:\/\/www.sabores.com.sv\/en\/colas-energizantes-mezcla-con-bebidas-estimulantes\/\">\n\t\t\t<div class=\"post-thumbnail-inner\">\n\t\t\t\t<img loading=\"lazy\" decoding=\"async\" width=\"300\" height=\"200\" src=\"https:\/\/www.sabores.com.sv\/wp-content\/uploads\/2025\/05\/11719-300x200.webp\" class=\"attachment-medium size-medium wp-post-image\" alt=\"Colas energizantes &ndash; Mezcla con bebidas estimulantes\" srcset=\"https:\/\/www.sabores.com.sv\/wp-content\/uploads\/2025\/05\/11719-300x200.webp 300w, https:\/\/www.sabores.com.sv\/wp-content\/uploads\/2025\/05\/11719-18x12.webp 18w, https:\/\/www.sabores.com.sv\/wp-content\/uploads\/2025\/05\/11719.webp 667w\" sizes=\"auto, (max-width: 300px) 100vw, 300px\">\t\t\t<\/div>\n\t\t<\/a><!-- .post-thumbnail -->\n\t\t\t<div class=\"entry-content-wrap\">\n\t\t<header class=\"entry-header\">\n\t\t<div class=\"entry-taxonomies\">\n\t\t<span class=\"category-links term-links category-style-normal\">\n\t\t\t<a href=\"https:\/\/www.sabores.com.sv\/en\/category\/bebidas\/\" rel=\"category tag\">Bebidas<\/a>\t\t<\/span>\n\t<\/div><!-- .entry-taxonomies -->\n\t<h2 class=\"entry-title\"><a href=\"https:\/\/www.sabores.com.sv\/en\/colas-energizantes-mezcla-con-bebidas-estimulantes\/\" rel=\"bookmark\">Colas energizantes &ndash; Mezcla con bebidas estimulantes<\/a><\/h2><\/header><!-- .entry-header -->\n<footer class=\"entry-footer\">\n\t\t\t<div class=\"entry-actions\">\n\t\t\t<p class=\"more-link-wrap\">\n\t\t\t\t<a href=\"https:\/\/www.sabores.com.sv\/en\/colas-energizantes-mezcla-con-bebidas-estimulantes\/\" class=\"post-more-link\">\n\t\t\t\t\tLeer mas<span class=\"screen-reader-text\"> Colas energizantes &ndash; Mezcla con bebidas estimulantes<\/span><span class=\"kadence-svg-iconset svg-baseline\"><svg aria-hidden=\"true\" class=\"kadence-svg-icon kadence-arrow-right-alt-svg\" fill=\"currentColor\" version=\"1.1\" xmlns=\"http:\/\/www.w3.org\/2000\/svg\" width=\"27\" height=\"28\" viewbox=\"0 0 27 28\"><title>Continue<\/title><path d=\"M27 13.953c0 0.141-0.063 0.281-0.156 0.375l-6 5.531c-0.156 0.141-0.359 0.172-0.547 0.094-0.172-0.078-0.297-0.25-0.297-0.453v-3.5h-19.5c-0.281 0-0.5-0.219-0.5-0.5v-3c0-0.281 0.219-0.5 0.5-0.5h19.5v-3.5c0-0.203 0.109-0.375 0.297-0.453s0.391-0.047 0.547 0.078l6 5.469c0.094 0.094 0.156 0.219 0.156 0.359v0z\"><\/path>\n\t\t\t<\/svg><\/span>\t\t\t\t<\/a>\n\t\t\t<\/p>\n\t\t<\/div><!-- .entry-actions -->\n\t\t<\/footer><!-- .entry-footer -->\t<\/div>\n<\/article>\n<article class=\"entry content-bg loop-entry post-568 post type-post status-publish format-standard has-post-thumbnail hentry category-bebidas\">\n\t\t\t<a class=\"post-thumbnail kadence-thumbnail-ratio-2-3\" href=\"https:\/\/www.sabores.com.sv\/en\/postres-y-snacks-sabores-de-temporada\/\">\n\t\t\t<div class=\"post-thumbnail-inner\">\n\t\t\t\t<img loading=\"lazy\" decoding=\"async\" width=\"300\" height=\"200\" src=\"https:\/\/www.sabores.com.sv\/wp-content\/uploads\/2025\/03\/1-930x620-1.png\" class=\"attachment-medium size-medium wp-post-image\" alt=\"Postres y Snacks &ndash; Sabores de temporada\">\t\t\t<\/div>\n\t\t<\/a><!-- .post-thumbnail -->\n\t\t\t<div class=\"entry-content-wrap\">\n\t\t<header class=\"entry-header\">\n\t\t<div class=\"entry-taxonomies\">\n\t\t<span class=\"category-links term-links category-style-normal\">\n\t\t\t<a href=\"https:\/\/www.sabores.com.sv\/en\/category\/bebidas\/\" rel=\"category tag\">Bebidas<\/a>\t\t<\/span>\n\t<\/div><!-- .entry-taxonomies -->\n\t<h2 class=\"entry-title\"><a href=\"https:\/\/www.sabores.com.sv\/en\/postres-y-snacks-sabores-de-temporada\/\" rel=\"bookmark\">Postres y Snacks &ndash; Sabores de temporada<\/a><\/h2><\/header><!-- .entry-header -->\n<footer class=\"entry-footer\">\n\t\t\t<div class=\"entry-actions\">\n\t\t\t<p class=\"more-link-wrap\">\n\t\t\t\t<a href=\"https:\/\/www.sabores.com.sv\/en\/postres-y-snacks-sabores-de-temporada\/\" class=\"post-more-link\">\n\t\t\t\t\tLeer mas<span class=\"screen-reader-text\"> Postres y Snacks &ndash; Sabores de temporada<\/span><span class=\"kadence-svg-iconset svg-baseline\"><svg aria-hidden=\"true\" class=\"kadence-svg-icon kadence-arrow-right-alt-svg\" fill=\"currentColor\" version=\"1.1\" xmlns=\"http:\/\/www.w3.org\/2000\/svg\" width=\"27\" height=\"28\" viewbox=\"0 0 27 28\"><title>Continue<\/title><path d=\"M27 13.953c0 0.141-0.063 0.281-0.156 0.375l-6 5.531c-0.156 0.141-0.359 0.172-0.547 0.094-0.172-0.078-0.297-0.25-0.297-0.453v-3.5h-19.5c-0.281 0-0.5-0.219-0.5-0.5v-3c0-0.281 0.219-0.5 0.5-0.5h19.5v-3.5c0-0.203 0.109-0.375 0.297-0.453s0.391-0.047 0.547 0.078l6 5.469c0.094 0.094 0.156 0.219 0.156 0.359v0z\"><\/path>\n\t\t\t<\/svg><\/span>\t\t\t\t<\/a>\n\t\t\t<\/p>\n\t\t<\/div><!-- .entry-actions -->\n\t\t<\/footer><!-- .entry-footer -->\t<\/div>\n<\/article>\n<\/div><\/div><\/div>\n\n<\/div><\/div><style>.kb-row-layout-wrap.wp-block-kadence-rowlayout.kb-row-layout-id10402_683758-92{margin-top:0px;margin-bottom:0px;}.kb-row-layout-id10402_683758-92 > .kt-row-column-wrap{align-content:center;}:where(.kb-row-layout-id10402_683758-92 > .kt-row-column-wrap) > .wp-block-kadence-column{justify-content:center;}.kb-row-layout-id10402_683758-92 > .kt-row-column-wrap{column-gap:var(--global-kb-gap-md, 2rem);row-gap:var(--global-kb-gap-md, 2rem);max-width:1200px;padding-top:55px;padding-bottom:48px;grid-template-columns:minmax(0, 1fr);}.kb-row-layout-id10402_683758-92{border-top-left-radius:15px;border-top-right-radius:15px;border-bottom-right-radius:15px;border-bottom-left-radius:15px;overflow:clip;isolation:isolate;}.kb-row-layout-id10402_683758-92 > .kt-row-layout-overlay{border-top-left-radius:15px;border-top-right-radius:15px;border-bottom-right-radius:15px;border-bottom-left-radius:15px;}.kb-row-layout-id10402_683758-92{background-image:url('https:\/\/www.sabores.com.sv\/wp-content\/uploads\/2025\/03\/e419647eb0dd68a0fb6db25bd73cabf8.jpg');background-size:cover;background-position:center center;background-attachment:scroll;background-repeat:no-repeat;}.kb-row-layout-id10402_683758-92 > .kt-row-layout-overlay{opacity:1;background:linear-gradient(90deg,rgb(14,32,90) 41%,rgba(247,250,252,0) 100%);}.kb-row-layout-id10402_683758-92 ,.kb-row-layout-id10402_683758-92 h1,.kb-row-layout-id10402_683758-92 h2,.kb-row-layout-id10402_683758-92 h3,.kb-row-layout-id10402_683758-92 h4,.kb-row-layout-id10402_683758-92 h5,.kb-row-layout-id10402_683758-92 h6{color:var(--nv-text-dark-bg);}@media all and (max-width: 1024px){.kb-row-layout-id10402_683758-92 > .kt-row-column-wrap{padding-top:55px;grid-template-columns:minmax(0, 1fr);}}@media all and (max-width: 1024px){.kb-row-layout-id10402_683758-92 > .kt-row-layout-overlay{opacity:1;background:linear-gradient(180deg,var(--nv-primary-accent) 0%,rgba(247,250,252,0) 100%);}}@media all and (max-width: 767px){.kb-row-layout-id10402_683758-92 > .kt-row-column-wrap{grid-template-columns:minmax(0, 1fr);}.kb-row-layout-id10402_683758-92 > .kt-row-layout-overlay{opacity:0.53;background:var(--nv-primary-accent);}}<\/style><div class=\"kb-row-layout-wrap kb-row-layout-id10402_683758-92 alignfull kt-row-has-bg w-85 m-auto wp-block-kadence-rowlayout\"><div class=\"kt-row-layout-overlay kt-row-overlay-gradient\"><\/div><div class=\"kt-row-column-wrap kt-has-1-columns kt-row-layout-equal kt-tab-layout-inherit kt-mobile-layout-row kt-row-valign-middle kb-theme-content-width\">\n<style>.kadence-column10402_3c2847-77 > .kt-inside-inner-col,.kadence-column10402_3c2847-77 > .kt-inside-inner-col:before{border-top-left-radius:0px;border-top-right-radius:0px;border-bottom-right-radius:0px;border-bottom-left-radius:0px;}.kadence-column10402_3c2847-77 > .kt-inside-inner-col{column-gap:var(--global-kb-gap-sm, 1rem);}.kadence-column10402_3c2847-77 > .kt-inside-inner-col{flex-direction:column;}.kadence-column10402_3c2847-77 > .kt-inside-inner-col > .aligncenter{width:100%;}.kadence-column10402_3c2847-77 > .kt-inside-inner-col:before{opacity:0.3;}.kadence-column10402_3c2847-77{position:relative;}@media all and (max-width: 1024px){.kadence-column10402_3c2847-77{text-align:center;}}@media all and (max-width: 1024px){.kadence-column10402_3c2847-77 > .kt-inside-inner-col{flex-direction:column;justify-content:center;}}@media all and (max-width: 767px){.kadence-column10402_3c2847-77 > .kt-inside-inner-col{flex-direction:column;justify-content:center;}}<\/style>\n<div class=\"wp-block-kadence-column kadence-column10402_3c2847-77 kb-section-dir-vertical inner-column-1\"><div class=\"kt-inside-inner-col\">\n<p class=\"has-nv-text-dark-bg-color has-text-color has-link-color wp-elements-5b333644ca355c306ccc18c95d649a89\" style=\"font-size:28px\">&iquest;Quieres tus propios sabores?<\/p>\n\n\n\n<p class=\"has-nv-text-dark-bg-color has-text-color has-link-color wp-elements-06e6bdc7bea0f93b52faa03342523687\" style=\"font-size:18px\">Cont&aacute;ctanos y crea los sabores ideales para tu empresa<\/p>\n\n\n<style>.wp-block-kadence-advancedbtn.kb-btns10402_d84b90-f2{gap:var(--global-kb-gap-xs, 0.5rem );justify-content:flex-start;align-items:center;}.kt-btns10402_d84b90-f2 .kt-button{font-weight:normal;font-style:normal;}.kt-btns10402_d84b90-f2 .kt-btn-wrap-0{margin-right:5px;}.wp-block-kadence-advancedbtn.kt-btns10402_d84b90-f2 .kt-btn-wrap-0 .kt-button{color:#555555;border-color:#555555;}.wp-block-kadence-advancedbtn.kt-btns10402_d84b90-f2 .kt-btn-wrap-0 .kt-button:hover, .wp-block-kadence-advancedbtn.kt-btns10402_d84b90-f2 .kt-btn-wrap-0 .kt-button:focus{color:#ffffff;border-color:#444444;}.wp-block-kadence-advancedbtn.kt-btns10402_d84b90-f2 .kt-btn-wrap-0 .kt-button::before{display:none;}.wp-block-kadence-advancedbtn.kt-btns10402_d84b90-f2 .kt-btn-wrap-0 .kt-button:hover, .wp-block-kadence-advancedbtn.kt-btns10402_d84b90-f2 .kt-btn-wrap-0 .kt-button:focus{background:#444444;}<\/style>\n<div class=\"wp-block-kadence-advancedbtn kb-buttons-wrap kb-btns10402_d84b90-f2\"><style>ul.menu .wp-block-kadence-advancedbtn .kb-btn10402_6172a8-43.kb-button{width:initial;}.wp-block-kadence-advancedbtn .kb-btn10402_6172a8-43.kb-button{background:rgba(0,0,0,0);border-top:1px solid var(--nv-light-bg);border-right:1px solid var(--nv-light-bg);border-bottom:1px solid var(--nv-light-bg);border-left:1px solid var(--nv-light-bg);}@media all and (max-width: 1024px){.wp-block-kadence-advancedbtn .kb-btn10402_6172a8-43.kb-button{border-top:1px solid var(--nv-light-bg);border-right:1px solid var(--nv-light-bg);border-bottom:1px solid var(--nv-light-bg);border-left:1px solid var(--nv-light-bg);}}@media all and (max-width: 767px){.wp-block-kadence-advancedbtn .kb-btn10402_6172a8-43.kb-button{border-top:1px solid var(--nv-light-bg);border-right:1px solid var(--nv-light-bg);border-bottom:1px solid var(--nv-light-bg);border-left:1px solid var(--nv-light-bg);}}<\/style><a class=\"kb-button kt-button button kb-btn10402_6172a8-43 kt-btn-size-standard kt-btn-width-type-auto kb-btn-global-fill kt-btn-has-text-true kt-btn-has-svg-true wp-block-kadence-singlebtn\" href=\"https:\/\/www.sabores.com.sv\/contactanos\/\"><span class=\"kt-btn-inner-text\">Cont&aacute;ctanos<\/span><span class=\"kb-svg-icon-wrap kb-svg-icon-fe_arrowRight kt-btn-icon-side-right\"><svg viewbox=\"0 0 24 24\" fill=\"none\" stroke=\"currentColor\" stroke-width=\"2\" stroke-linecap=\"round\" stroke-linejoin=\"round\" xmlns=\"http:\/\/www.w3.org\/2000\/svg\" aria-hidden=\"true\"><line x1=\"5\" y1=\"12\" x2=\"19\" y2=\"12\"><\/line><polyline points=\"12 5 19 12 12 19\"><\/polyline><\/svg><\/span><\/a><\/div>\n<\/div><\/div>\n\n<\/div><\/div>\n","protected":false},"excerpt":{"rendered":"<p>Una buena salud intestinal se traduce en buena salud general. La salud del intestino est&aacute; &iacute;ntimamente relacionada con la microbiota intestinal, que incluye los microrganismos presentes en el intestino delgado y el colon. La presencia de microorganismos &ldquo;buenos&rdquo;, aquellos que facilitan la metabolizaci&oacute;n de nutrientes y fortalecen nuestro sistema inmunol&oacute;gico, puede verse afectada por microrganismos&hellip;&nbsp;<a href=\"https:\/\/www.sabores.com.sv\/en\/bebidas-funcionales-prebioticos-fibra\/\" rel=\"bookmark\">Read More &raquo;<span class=\"screen-reader-text\">Functional beverages - Prebiotics (fiber)<\/span><\/a><\/p>","protected":false},"author":1,"featured_media":10335,"comment_status":"closed","ping_status":"open","sticky":false,"template":"","format":"standard","meta":{"neve_meta_sidebar":"","neve_meta_container":"","neve_meta_enable_content_width":"on","neve_meta_content_width":100,"neve_meta_title_alignment":"","neve_meta_author_avatar":"","neve_post_elements_order":"[\"title\",\"meta\",\"content\",\"tags\",\"comments\"]","neve_meta_disable_header":"","neve_meta_disable_footer":"","neve_meta_disable_title":"","_joinchat":[],"footnotes":""},"categories":[4,5],"tags":[],"class_list":["post-9658","post","type-post","status-publish","format-standard","has-post-thumbnail","hentry","category-bebidas","category-industria-de-alimentos"],"yoast_head":"<!-- This site is optimized with the Yoast SEO plugin v25.5 - https:\/\/yoast.com\/wordpress\/plugins\/seo\/ -->\n<title>Bebidas funcionales - Prebi\u00f3ticos (fibra) - Cosco<\/title>\n<meta name=\"description\" content=\"Una buena salud intestinal se traduce en salud general. La salud del intestino est\u00e1 \u00edntimamente relacionada con la microbiota intestinal.\" \/>\n<meta name=\"robots\" content=\"index, follow, max-snippet:-1, max-image-preview:large, max-video-preview:-1\" \/>\n<link rel=\"canonical\" href=\"https:\/\/www.sabores.com.sv\/en\/bebidas-funcionales-prebioticos-fibra\/\" \/>\n<meta property=\"og:locale\" content=\"en_US\" \/>\n<meta property=\"og:type\" content=\"article\" \/>\n<meta property=\"og:title\" content=\"Bebidas funcionales - Prebi\u00f3ticos (fibra) - Cosco\" \/>\n<meta property=\"og:description\" content=\"Una buena salud intestinal se traduce en salud general. La salud del intestino est\u00e1 \u00edntimamente relacionada con la microbiota intestinal.\" \/>\n<meta property=\"og:url\" content=\"https:\/\/www.sabores.com.sv\/en\/bebidas-funcionales-prebioticos-fibra\/\" \/>\n<meta property=\"og:site_name\" content=\"Cosco\" \/>\n<meta property=\"article:published_time\" content=\"2024-01-31T20:06:45+00:00\" \/>\n<meta property=\"article:modified_time\" content=\"2025-08-28T14:13:36+00:00\" \/>\n<meta property=\"og:image\" content=\"https:\/\/www.sabores.com.sv\/wp-content\/uploads\/2025\/07\/surtido-botellas-jugo-saludable-1-scaled-1.webp\" \/>\n\t<meta property=\"og:image:width\" content=\"1024\" \/>\n\t<meta property=\"og:image:height\" content=\"576\" \/>\n\t<meta property=\"og:image:type\" content=\"image\/webp\" \/>\n<meta name=\"author\" content=\"coscoadmin\" \/>\n<meta name=\"twitter:card\" content=\"summary_large_image\" \/>\n<meta name=\"twitter:label1\" content=\"Written by\" \/>\n\t<meta name=\"twitter:data1\" content=\"coscoadmin\" \/>\n\t<meta name=\"twitter:label2\" content=\"Est. reading time\" \/>\n\t<meta name=\"twitter:data2\" content=\"5 minutes\" \/>\n<script type=\"application\/ld+json\" class=\"yoast-schema-graph\">{\"@context\":\"https:\/\/schema.org\",\"@graph\":[{\"@type\":\"WebPage\",\"@id\":\"https:\/\/www.sabores.com.sv\/bebidas-funcionales-prebioticos-fibra\/\",\"url\":\"https:\/\/www.sabores.com.sv\/bebidas-funcionales-prebioticos-fibra\/\",\"name\":\"Bebidas funcionales - Prebi\u00f3ticos (fibra) - Cosco\",\"isPartOf\":{\"@id\":\"https:\/\/www.sabores.com.sv\/es\/#website\"},\"primaryImageOfPage\":{\"@id\":\"https:\/\/www.sabores.com.sv\/bebidas-funcionales-prebioticos-fibra\/#primaryimage\"},\"image\":{\"@id\":\"https:\/\/www.sabores.com.sv\/bebidas-funcionales-prebioticos-fibra\/#primaryimage\"},\"thumbnailUrl\":\"https:\/\/www.sabores.com.sv\/wp-content\/uploads\/2025\/07\/surtido-botellas-jugo-saludable-1-scaled-1.webp\",\"datePublished\":\"2024-01-31T20:06:45+00:00\",\"dateModified\":\"2025-08-28T14:13:36+00:00\",\"author\":{\"@id\":\"https:\/\/www.sabores.com.sv\/es\/#\/schema\/person\/199baf22d36246e4461b408dbedabed7\"},\"description\":\"Una buena salud intestinal se traduce en salud general. La salud del intestino est\u00e1 \u00edntimamente relacionada con la microbiota intestinal.\",\"breadcrumb\":{\"@id\":\"https:\/\/www.sabores.com.sv\/bebidas-funcionales-prebioticos-fibra\/#breadcrumb\"},\"inLanguage\":\"en-US\",\"potentialAction\":[{\"@type\":\"ReadAction\",\"target\":[\"https:\/\/www.sabores.com.sv\/bebidas-funcionales-prebioticos-fibra\/\"]}]},{\"@type\":\"ImageObject\",\"inLanguage\":\"en-US\",\"@id\":\"https:\/\/www.sabores.com.sv\/bebidas-funcionales-prebioticos-fibra\/#primaryimage\",\"url\":\"https:\/\/www.sabores.com.sv\/wp-content\/uploads\/2025\/07\/surtido-botellas-jugo-saludable-1-scaled-1.webp\",\"contentUrl\":\"https:\/\/www.sabores.com.sv\/wp-content\/uploads\/2025\/07\/surtido-botellas-jugo-saludable-1-scaled-1.webp\",\"width\":1024,\"height\":576},{\"@type\":\"BreadcrumbList\",\"@id\":\"https:\/\/www.sabores.com.sv\/bebidas-funcionales-prebioticos-fibra\/#breadcrumb\",\"itemListElement\":[{\"@type\":\"ListItem\",\"position\":1,\"name\":\"Home\",\"item\":\"https:\/\/www.sabores.com.sv\/\"},{\"@type\":\"ListItem\",\"position\":2,\"name\":\"Bebidas funcionales &#8211; Prebi\u00f3ticos (fibra)\"}]},{\"@type\":\"WebSite\",\"@id\":\"https:\/\/www.sabores.com.sv\/es\/#website\",\"url\":\"https:\/\/www.sabores.com.sv\/es\/\",\"name\":\"Cosco\",\"description\":\"\",\"potentialAction\":[{\"@type\":\"SearchAction\",\"target\":{\"@type\":\"EntryPoint\",\"urlTemplate\":\"https:\/\/www.sabores.com.sv\/es\/?s={search_term_string}\"},\"query-input\":{\"@type\":\"PropertyValueSpecification\",\"valueRequired\":true,\"valueName\":\"search_term_string\"}}],\"inLanguage\":\"en-US\"},{\"@type\":\"Person\",\"@id\":\"https:\/\/www.sabores.com.sv\/es\/#\/schema\/person\/199baf22d36246e4461b408dbedabed7\",\"name\":\"coscoadmin\",\"image\":{\"@type\":\"ImageObject\",\"inLanguage\":\"en-US\",\"@id\":\"https:\/\/www.sabores.com.sv\/es\/#\/schema\/person\/image\/\",\"url\":\"https:\/\/secure.gravatar.com\/avatar\/0783b971f52b55acc1b62a1c9138efeee4dd53d0cbed9c05eb6a50e4c326f7fc?s=96&d=mm&r=g\",\"contentUrl\":\"https:\/\/secure.gravatar.com\/avatar\/0783b971f52b55acc1b62a1c9138efeee4dd53d0cbed9c05eb6a50e4c326f7fc?s=96&d=mm&r=g\",\"caption\":\"coscoadmin\"},\"sameAs\":[\"http:\/\/sabores.test\"],\"url\":\"https:\/\/www.sabores.com.sv\/en\/author\/coscoadmin\/\"}]}<\/script>\n<!-- \/ Yoast SEO plugin. -->","yoast_head_json":{"title":"Bebidas funcionales - Prebi\u00f3ticos (fibra) - Cosco","description":"Una buena salud intestinal se traduce en salud general. La salud del intestino est\u00e1 \u00edntimamente relacionada con la microbiota intestinal.","robots":{"index":"index","follow":"follow","max-snippet":"max-snippet:-1","max-image-preview":"max-image-preview:large","max-video-preview":"max-video-preview:-1"},"canonical":"https:\/\/www.sabores.com.sv\/en\/bebidas-funcionales-prebioticos-fibra\/","og_locale":"en_US","og_type":"article","og_title":"Bebidas funcionales - Prebi\u00f3ticos (fibra) - Cosco","og_description":"Una buena salud intestinal se traduce en salud general. La salud del intestino est\u00e1 \u00edntimamente relacionada con la microbiota intestinal.","og_url":"https:\/\/www.sabores.com.sv\/en\/bebidas-funcionales-prebioticos-fibra\/","og_site_name":"Cosco","article_published_time":"2024-01-31T20:06:45+00:00","article_modified_time":"2025-08-28T14:13:36+00:00","og_image":[{"width":1024,"height":576,"url":"https:\/\/www.sabores.com.sv\/wp-content\/uploads\/2025\/07\/surtido-botellas-jugo-saludable-1-scaled-1.webp","type":"image\/webp"}],"author":"coscoadmin","twitter_card":"summary_large_image","twitter_misc":{"Written by":"coscoadmin","Est. reading time":"5 minutes"},"schema":{"@context":"https:\/\/schema.org","@graph":[{"@type":"WebPage","@id":"https:\/\/www.sabores.com.sv\/bebidas-funcionales-prebioticos-fibra\/","url":"https:\/\/www.sabores.com.sv\/bebidas-funcionales-prebioticos-fibra\/","name":"Bebidas funcionales - Prebi\u00f3ticos (fibra) - Cosco","isPartOf":{"@id":"https:\/\/www.sabores.com.sv\/es\/#website"},"primaryImageOfPage":{"@id":"https:\/\/www.sabores.com.sv\/bebidas-funcionales-prebioticos-fibra\/#primaryimage"},"image":{"@id":"https:\/\/www.sabores.com.sv\/bebidas-funcionales-prebioticos-fibra\/#primaryimage"},"thumbnailUrl":"https:\/\/www.sabores.com.sv\/wp-content\/uploads\/2025\/07\/surtido-botellas-jugo-saludable-1-scaled-1.webp","datePublished":"2024-01-31T20:06:45+00:00","dateModified":"2025-08-28T14:13:36+00:00","author":{"@id":"https:\/\/www.sabores.com.sv\/es\/#\/schema\/person\/199baf22d36246e4461b408dbedabed7"},"description":"Una buena salud intestinal se traduce en salud general. La salud del intestino est\u00e1 \u00edntimamente relacionada con la microbiota intestinal.","breadcrumb":{"@id":"https:\/\/www.sabores.com.sv\/bebidas-funcionales-prebioticos-fibra\/#breadcrumb"},"inLanguage":"en-US","potentialAction":[{"@type":"ReadAction","target":["https:\/\/www.sabores.com.sv\/bebidas-funcionales-prebioticos-fibra\/"]}]},{"@type":"ImageObject","inLanguage":"en-US","@id":"https:\/\/www.sabores.com.sv\/bebidas-funcionales-prebioticos-fibra\/#primaryimage","url":"https:\/\/www.sabores.com.sv\/wp-content\/uploads\/2025\/07\/surtido-botellas-jugo-saludable-1-scaled-1.webp","contentUrl":"https:\/\/www.sabores.com.sv\/wp-content\/uploads\/2025\/07\/surtido-botellas-jugo-saludable-1-scaled-1.webp","width":1024,"height":576},{"@type":"BreadcrumbList","@id":"https:\/\/www.sabores.com.sv\/bebidas-funcionales-prebioticos-fibra\/#breadcrumb","itemListElement":[{"@type":"ListItem","position":1,"name":"Home","item":"https:\/\/www.sabores.com.sv\/"},{"@type":"ListItem","position":2,"name":"Bebidas funcionales &#8211; Prebi\u00f3ticos (fibra)"}]},{"@type":"WebSite","@id":"https:\/\/www.sabores.com.sv\/es\/#website","url":"https:\/\/www.sabores.com.sv\/es\/","name":"Cosco","description":"","potentialAction":[{"@type":"SearchAction","target":{"@type":"EntryPoint","urlTemplate":"https:\/\/www.sabores.com.sv\/es\/?s={search_term_string}"},"query-input":{"@type":"PropertyValueSpecification","valueRequired":true,"valueName":"search_term_string"}}],"inLanguage":"en-US"},{"@type":"Person","@id":"https:\/\/www.sabores.com.sv\/es\/#\/schema\/person\/199baf22d36246e4461b408dbedabed7","name":"coscoadmin","image":{"@type":"ImageObject","inLanguage":"en-US","@id":"https:\/\/www.sabores.com.sv\/es\/#\/schema\/person\/image\/","url":"https:\/\/secure.gravatar.com\/avatar\/0783b971f52b55acc1b62a1c9138efeee4dd53d0cbed9c05eb6a50e4c326f7fc?s=96&d=mm&r=g","contentUrl":"https:\/\/secure.gravatar.com\/avatar\/0783b971f52b55acc1b62a1c9138efeee4dd53d0cbed9c05eb6a50e4c326f7fc?s=96&d=mm&r=g","caption":"coscoadmin"},"sameAs":["http:\/\/sabores.test"],"url":"https:\/\/www.sabores.com.sv\/en\/author\/coscoadmin\/"}]}},"_links":{"self":[{"href":"https:\/\/www.sabores.com.sv\/en\/wp-json\/wp\/v2\/posts\/9658","targetHints":{"allow":["GET"]}}],"collection":[{"href":"https:\/\/www.sabores.com.sv\/en\/wp-json\/wp\/v2\/posts"}],"about":[{"href":"https:\/\/www.sabores.com.sv\/en\/wp-json\/wp\/v2\/types\/post"}],"author":[{"embeddable":true,"href":"https:\/\/www.sabores.com.sv\/en\/wp-json\/wp\/v2\/users\/1"}],"replies":[{"embeddable":true,"href":"https:\/\/www.sabores.com.sv\/en\/wp-json\/wp\/v2\/comments?post=9658"}],"version-history":[{"count":2,"href":"https:\/\/www.sabores.com.sv\/en\/wp-json\/wp\/v2\/posts\/9658\/revisions"}],"predecessor-version":[{"id":11489,"href":"https:\/\/www.sabores.com.sv\/en\/wp-json\/wp\/v2\/posts\/9658\/revisions\/11489"}],"wp:featuredmedia":[{"embeddable":true,"href":"https:\/\/www.sabores.com.sv\/en\/wp-json\/wp\/v2\/media\/10335"}],"wp:attachment":[{"href":"https:\/\/www.sabores.com.sv\/en\/wp-json\/wp\/v2\/media?parent=9658"}],"wp:term":[{"taxonomy":"category","embeddable":true,"href":"https:\/\/www.sabores.com.sv\/en\/wp-json\/wp\/v2\/categories?post=9658"},{"taxonomy":"post_tag","embeddable":true,"href":"https:\/\/www.sabores.com.sv\/en\/wp-json\/wp\/v2\/tags?post=9658"}],"curies":[{"name":"wp","href":"https:\/\/api.w.org\/{rel}","templated":true}]}}